{"id":1201,"date":"2020-02-14T12:35:26","date_gmt":"2020-02-14T10:35:26","guid":{"rendered":"http:\/\/www.valkeakoskenkalaveikot.com\/2\/?p=1201"},"modified":"2020-02-20T17:01:50","modified_gmt":"2020-02-20T15:01:50","slug":"pilkkivapapaiva-22-2-lammi-evo-niemisjarvet","status":"publish","type":"post","link":"https:\/\/www.valkeakoskenkalaveikot.com\/2\/pilkkivapapaiva-22-2-lammi-evo-niemisjarvet\/","title":{"rendered":"Pilkkivapap\u00e4iv\u00e4 22.2. Lammi (Evo, Niemisj\u00e4rvet)"},"content":{"rendered":"\n<figure class=\"wp-block-image size-large\"><img loading=\"lazy\" decoding=\"async\" width=\"250\" height=\"250\" src=\"https:\/\/www.valkeakoskenkalaveikot.com\/2\/wp-content\/uploads\/2020\/02\/fin_2020_pilkki_vapapaiva_srgb_transp-250x250-1.png\" alt=\"\" class=\"wp-image-1202\" srcset=\"https:\/\/www.valkeakoskenkalaveikot.com\/2\/wp-content\/uploads\/2020\/02\/fin_2020_pilkki_vapapaiva_srgb_transp-250x250-1.png 250w, https:\/\/www.valkeakoskenkalaveikot.com\/2\/wp-content\/uploads\/2020\/02\/fin_2020_pilkki_vapapaiva_srgb_transp-250x250-1-150x150.png 150w, https:\/\/www.valkeakoskenkalaveikot.com\/2\/wp-content\/uploads\/2020\/02\/fin_2020_pilkki_vapapaiva_srgb_transp-250x250-1-180x180.png 180w, https:\/\/www.valkeakoskenkalaveikot.com\/2\/wp-content\/uploads\/2020\/02\/fin_2020_pilkki_vapapaiva_srgb_transp-250x250-1-60x60.png 60w\" sizes=\"auto, (max-width: 250px) 100vw, 250px\" \/><\/figure>\n\n\n\n<p>Evon pilkkivapap\u00e4iv\u00e4 22.2. on peruttu, katso lis\u00e4\u00e4 linkin takaa:<\/p>\n\n\n\n<p><a href=\"http:\/\/www.eraluvat.fi\/ajankohtaista\/ajankohtaista\/uutiset\/pilkkivapapaiva-perutaan-myos-hameenlinnan-evolla.html\" target=\"_blank\" rel=\"noreferrer noopener\" aria-label=\"www.eraluvat.fi\/ajankohtaista\/ajankohtaista\/uutiset\/pilkkivapapaiva-perutaan-myos-hameenlinnan-evolla.html (avautuu uudessa v\u00e4lilehdess\u00e4)\">www.eraluvat.fi\/ajankohtaista\/ajankohtaista\/uutiset\/pilkkivapapaiva-perutaan-myos-hameenlinnan-evolla.html<\/a><\/p>\n","protected":false},"excerpt":{"rendered":"<p>Evon pilkkivapap\u00e4iv\u00e4 22.2. on peruttu, katso lis\u00e4\u00e4 linkin takaa: www.eraluvat.fi\/ajankohtaista\/ajankohtaista\/uutiset\/pilkkivapapaiva-perutaan-myos-hameenlinnan-evolla.html<\/p>\n","protected":false},"author":2,"featured_media":0,"comment_status":"closed","ping_status":"open","sticky":false,"template":"","format":"standard","meta":{"footnotes":""},"categories":[5],"tags":[],"class_list":["post-1201","post","type-post","status-publish","format-standard","hentry","category-uutiset"],"_links":{"self":[{"href":"https:\/\/www.valkeakoskenkalaveikot.com\/2\/wp-json\/wp\/v2\/posts\/1201","targetHints":{"allow":["GET"]}}],"collection":[{"href":"https:\/\/www.valkeakoskenkalaveikot.com\/2\/wp-json\/wp\/v2\/posts"}],"about":[{"href":"https:\/\/www.valkeakoskenkalaveikot.com\/2\/wp-json\/wp\/v2\/types\/post"}],"author":[{"embeddable":true,"href":"https:\/\/www.valkeakoskenkalaveikot.com\/2\/wp-json\/wp\/v2\/users\/2"}],"replies":[{"embeddable":true,"href":"https:\/\/www.valkeakoskenkalaveikot.com\/2\/wp-json\/wp\/v2\/comments?post=1201"}],"version-history":[{"count":3,"href":"https:\/\/www.valkeakoskenkalaveikot.com\/2\/wp-json\/wp\/v2\/posts\/1201\/revisions"}],"predecessor-version":[{"id":1217,"href":"https:\/\/www.valkeakoskenkalaveikot.com\/2\/wp-json\/wp\/v2\/posts\/1201\/revisions\/1217"}],"wp:attachment":[{"href":"https:\/\/www.valkeakoskenkalaveikot.com\/2\/wp-json\/wp\/v2\/media?parent=1201"}],"wp:term":[{"taxonomy":"category","embeddable":true,"href":"https:\/\/www.valkeakoskenkalaveikot.com\/2\/wp-json\/wp\/v2\/categories?post=1201"},{"taxonomy":"post_tag","embeddable":true,"href":"https:\/\/www.valkeakoskenkalaveikot.com\/2\/wp-json\/wp\/v2\/tags?post=1201"}],"curies":[{"name":"wp","href":"https:\/\/api.w.org\/{rel}","templated":true}]}}