{"id":1465,"date":"2021-01-11T08:30:00","date_gmt":"2021-01-11T06:30:00","guid":{"rendered":"http:\/\/www.valkeakoskenkalaveikot.com\/2\/?p=1465"},"modified":"2021-01-13T08:42:23","modified_gmt":"2021-01-13T06:42:23","slug":"valkeakosken-kalaveikkojen-jasenkirje-11-1-2021","status":"publish","type":"post","link":"https:\/\/www.valkeakoskenkalaveikot.com\/2\/valkeakosken-kalaveikkojen-jasenkirje-11-1-2021\/","title":{"rendered":"Valkeakosken Kalaveikkojen j\u00e4senkirje 11.1.2021"},"content":{"rendered":"\n<p>Tervehdys Valkeakosken Kalaveikkojen j\u00e4senet, nuorten j\u00e4seniemme vanhemmat sek\u00e4 muut yhteyshenkil\u00f6t!<\/p>\n\n\n\n<p>Ja hyv\u00e4\u00e4 alkanutta vuotta 2021.&nbsp;<\/p>\n\n\n\n<p>Talvi n\u00e4ytt\u00e4isi vihdoin pikkuhiljaa tulevan. Valkeakosken l\u00e4hiseuduilla j\u00e4\u00e4tilanne on viel\u00e4 heikohko, joten malttia viel\u00e4 tarvitaan, ett\u00e4 p\u00e4\u00e4semme j\u00e4\u00e4lle harrastamaan. J\u00e4iden paksuuntumista odotellessa, on hyv\u00e4 lukea muutama sananen yhdistyksemme toiminnasta \ud83d\ude42<\/p>\n\n\n\n<p>1. Koronatilanne<\/p>\n\n\n\n<p>Noudatamme toiminnassamme AVI:n suosituksia sek\u00e4 SVK:n ennen joulua p\u00e4ivitt\u00e4mi\u00e4 ohjeita ja k\u00e4yt\u00e4nt\u00f6j\u00e4 kalastuskilpailujen j\u00e4rjest\u00e4misiss\u00e4 (linkki alla).\u00a0\u00a0Toivomme ja uskomme tautitilanteen mahdollistavan erin\u00e4k\u00f6iset seuratoiminnat ja -kilpailut.<\/p>\n\n\n\n<div class=\"wp-block-file\"><a href=\"https:\/\/www.valkeakoskenkalaveikot.com\/2\/wp-content\/uploads\/2021\/01\/SVK-ohjeet-ja-kaytannot-kalastuskilpailujen-jarjestamiseen.pdf\" target=\"_blank\" rel=\"noreferrer noopener\">SVK-ohjeet-ja-kaytannot-kalastuskilpailujen-jarjestamiseen<\/a><a href=\"https:\/\/www.valkeakoskenkalaveikot.com\/2\/wp-content\/uploads\/2021\/01\/SVK-ohjeet-ja-kaytannot-kalastuskilpailujen-jarjestamiseen.pdf\" class=\"wp-block-file__button\" download>Lataa<\/a><\/div>\n\n\n\n<p>2. Uusi puheenjohtaja<\/p>\n\n\n\n<p>Yhdistyksellemme valittiin joulukuun lopussa uusi puheenjohtaja vuodelle 2021.\u00a0<br>Tero Kariluoma, allekirjoittanut. Joillekin varmasti jo tuttu aiemmista yhdistyksemme teht\u00e4vist\u00e4.<br>Jatkan edelleen j\u00e4senasioiden hoitamista, onki- ja pilkkikisojen vet\u00e4mist\u00e4 sek\u00e4 some p\u00e4ivityksi\u00e4.<br>Nuorisojaoston vetovastuun ottaa Kasperi P\u00f6yt\u00e4kivi. Nuoriso hommista en luovu kuitenkaan kokonaan, reissuissa varmasti s\u00e4hl\u00e4\u00e4n viel\u00e4 mukana \ud83d\ude42<\/p>\n\n\n\n<p>3. J\u00e4senmaksut<\/p>\n\n\n\n<p>Vuoden 2020 lopussa yleisess\u00e4 syyskokouksessa p\u00e4\u00e4dyttiin nostamaan aikuisj\u00e4senten\u00a0j\u00e4senmaksua.<br>T\u00e4ll\u00e4 pienell\u00e4 korotuksella pystymme turvaamaan yhdistyksemme toimintaa t\u00e4ss\u00e4 haastavassa korona- ja taloustilanteessa.<\/p>\n\n\n\n<p>Vuoden 2021 j\u00e4senmaksut:<br>Aikuisj\u00e4sen: 25 \u20ac \/ vuosi<br>Perhej\u00e4sen*: 20 \u20ac \/ vuosi<br>Nuorisoj\u00e4sen: 5 \u20ac \/ vuosi<\/p>\n\n\n\n<p>(*Perhej\u00e4senell\u00e4 samat etuudet kuin varsinaisella j\u00e4senell\u00e4, mutta ei saa lehte\u00e4. Perhej\u00e4senyys edellytt\u00e4\u00e4, ett\u00e4 samassa osoitteessa on my\u00f6s varsinainen aikuisj\u00e4sen.&nbsp;<\/p>\n\n\n\n<p>4. J\u00e4senedut<\/p>\n\n\n\n<p>Apianvirran vuosilupa: 20\u20ac aikuisilta ja nuorisoj\u00e4senille ilmainen (my\u00f6s nuorten on haettava lupa), kalastusohjeet luvassa.<br><br>Kalavedet:&nbsp;Vapaa uisteluoikeus Lotilanj\u00e4rvi (vaparajoitus 3 vapaa) sek\u00e4 M\u00e4lkil\u00e4-Kinnaala (6 vapaa + l\u00e4\u00e4nikohtaiset), Roukon ja Valkeakosken osakaskuntien alueet Mallasvedell\u00e4 (6 vapaa + l\u00e4\u00e4nikohtaiset), K\u00e4rjenniemensel\u00e4n yhten\u00e4islupa-alue (ei vaparajoitusta), Tarttilan ja Huittulan osakaskuntien alueet Vanajavedell\u00e4 (ei vaparajoitusta). Tarkemmat tiedot kotisivuiltamme.<\/p>\n\n\n\n<p>Vuokraveneet: Lotilanj\u00e4rvell\u00e4 3 VUOKRAVENETT\u00c4 ja Yrj\u00f6l\u00e4nlahdella 1 vuokravene. Avain Nesteen huoltoasemalla, S\u00e4\u00e4ksm\u00e4entie 25. Veneiden vuokra 2 \u20ac\/vrk, pantti 10 \u20ac, jonka saa takaisin, kun palauttaa avaimen saman vrk:n aikana. Veneet vuokrataan vain vuorokaudeksi kerrallaan.<\/p>\n\n\n\n<p>J\u00e4senetuna my\u00f6s&nbsp;<a href=\"https:\/\/www.vapaa-ajankalastajalehti.fi\/\" target=\"_blank\" rel=\"noreferrer noopener\">Vapaa-ajan Kalastajalehti<\/a>, jossa ilmoitetaan j\u00e4senkortilla saatavista eduista.&nbsp;<a href=\"http:\/\/www.vapaa-ajankalastaja.fi\/jasenedut\/\" target=\"_blank\" rel=\"noreferrer noopener\">Tutustu my\u00f6s muihin j\u00e4senetuihin klikkaamalla t\u00e4st\u00e4.<\/a><\/p>\n\n\n\n<p><a href=\"https:\/\/www.facebook.com\/sportiavalkeakoski\/\" target=\"_blank\" rel=\"noreferrer noopener\"><\/a>J\u00e4senetuna saat my\u00f6s&nbsp;<a href=\"https:\/\/www.facebook.com\/sportiavalkeakoski\/\" target=\"_blank\" rel=\"noreferrer noopener\">Sportia Valkeakoski<\/a>&nbsp;tuotteista -15% alennuksen (ei koske polkupy\u00f6ri\u00e4, sykemittareita eik\u00e4 tarjoustuotteita).&nbsp;<\/p>\n\n\n\n<p>5. Apianvirran heittokalastusalueen lupahinnat<\/p>\n\n\n\n<p>Vuoden 2020 lopussa yleisess\u00e4 syyskokouksessa p\u00e4\u00e4dyttiin nostamaan Apianvirran heittokalastusalueen\u00a0lupahintoja. N\u00e4ill\u00e4 lupahintojen\u00a0korotuksilla pyrimme lis\u00e4\u00e4m\u00e4\u00e4n yhden istutuksen\u00a0lis\u00e4\u00e4 Apianvirralle.\u00a0<br>Lis\u00e4ksi vuorokausilupa muutettiin 24h luvaksi sek\u00e4 VLK asuvien vuosilupa muutettiin &#8217;ei j\u00e4sen luvaksi&#8217;, joten vuosiluvan voivat ostaa muutkin kuin Valkeakoskella asuvat ei j\u00e4senet.<\/p>\n\n\n\n<p>Vuoden 2021 Apianvirran heittokalastusalueen\u00a0lupahinnat:<br>24h lupa: 8 \u20ac<br>Viikkolupa: 10 \u20ac<br>Vuosilupa, ei j\u00e4sen: 35 \u20ac<br>Vuosilupa, j\u00e4sen: 20 \u20ac<br>Vuosilupa, nuorisoj\u00e4sen: 0 \u20ac<\/p>\n\n\n\n<p>6.&nbsp;Tulevat tapahtumat\/kilpailut<\/p>\n\n\n\n<p>T\u00e4h\u00e4n listattuna kirjoitushetkell\u00e4 tiedettyj\u00e4 tapahtumia tai kilpailuja.<br>N\u00e4it\u00e4 pystyt\u00e4\u00e4n j\u00e4rjest\u00e4m\u00e4\u00e4n mik\u00e4li korona- ja\/tai j\u00e4\u00e4tilanne sen sallii.<\/p>\n\n\n\n<p>-la 6.2.2021 klo 17:00-22:00 Made HUKassa 2021 madepilkkikilpailu.<br>H\u00e4meenlinnan urheilukalastajat ry (HUK) j\u00e4rjest\u00e4\u00e4 madepilkkikilpailun\u00a0Vanajavedell\u00e4, Tyrv\u00e4nn\u00f6ss\u00e4.<br>Lis\u00e4tietoja:\u00a0<a rel=\"noreferrer noopener\" href=\"http:\/\/www.hameenlinnanurheilukalastajat.fi\/\" target=\"_blank\">http:\/\/www.hameenlinnanurheilukalastajat.fi\/<\/a><\/p>\n\n\n\n<p>-19.2-21.2.2021, Valtakunnallinen pilkkileiri, Ikaalisissa Koivikon leirikeskuksessa.<br>Lis\u00e4tietoja ja ilmoittautumisohjeet:<\/p>\n\n\n\n<figure class=\"wp-block-embed is-type-wp-embed is-provider-fisuun-fi wp-block-embed-fisuun-fi\"><div class=\"wp-block-embed__wrapper\">\nhttp:\/\/www.fisuun.fi\/tapahtuma\/fisuun-valtakunnallinen-nuorten-pilkkileiri-ikaallinen-19-02-2021-21-02-2021\n<\/div><\/figure>\n\n\n\n<p>-la 20.2.2021, SM-pilkin \u201desikilpailu\u201d, Kuopio<br>Lis\u00e4tietoja: <a href=\"http:\/\/smpilkki2020.fi\/smpilkki2020\/\">http:\/\/smpilkki2020.fi\/smpilkki2020\/<\/a><\/p>\n\n\n\n<p>-la 27.2.2021 PilkkiVapap\u00e4iv\u00e4, Evo, Niemisj\u00e4rvet (H\u00e4meenlinna), kello 10-15.<br>Lis\u00e4tietoja: <a rel=\"noreferrer noopener\" href=\"https:\/\/www.eraluvat.fi\/erareppu\/erakasvatus\/vapapaiva-ja-pilkkivapapaiva.html\" target=\"_blank\">https:\/\/www.eraluvat.fi\/erareppu\/erakasvatus\/vapapaiva-ja-pilkkivapapaiva.html<\/a> <br>Valkeakosken Kalaveikot l\u00e4htee Evolle, kyytiin mahtuu muutamia nuoria.<br>Lis\u00e4tietoja kotisivuilla\/fb l\u00e4hemp\u00e4n\u00e4 tapahtumaa.<\/p>\n\n\n\n<p>-la 6.3.2021, SM-pilkki, Kuopio<br>Lis\u00e4tietoja: <a href=\"http:\/\/smpilkki2020.fi\/smpilkki2020\/\">http:\/\/smpilkki2020.fi\/smpilkki2020\/<\/a><\/p>\n\n\n\n<p>-12.6. Vapap\u00e4iv\u00e4, tapahtumia eri puolilla Suomea Mets\u00e4hallituksen kohteissa<br>Lis\u00e4tietoja: <a href=\"https:\/\/www.eraluvat.fi\/erareppu\/erakasvatus\/vapapaiva-ja-pilkkivapapaiva.html\">https:\/\/www.eraluvat.fi\/erareppu\/erakasvatus\/vapapaiva-ja-pilkkivapapaiva.html<\/a><br>Valkeakosken Kalaveikot l\u00e4htee Evolle, kyytiin mahtuu muutamia nuoria.<br>Lis\u00e4tietoja kotisivuilla\/fb l\u00e4hemp\u00e4n\u00e4 tapahtumaa.<\/p>\n\n\n\n<p>-pe 20.8.2021, Street fishing, Valkeakoski<br>Lis\u00e4tietoja: <a rel=\"noreferrer noopener\" href=\"http:\/\/www.fisuun.fi\/streetfishing2021\" target=\"_blank\">http:\/\/www.fisuun.fi\/streetfishing2021<\/a><br>Valkeakosken Kalaveikot on mukana j\u00e4rjest\u00e4m\u00e4ss\u00e4 kalastuskilpailua.<\/p>\n\n\n\n<p>N\u00e4iden lis\u00e4ksi listattuna tapahtumia\/kisoja joiden p\u00e4iv\u00e4m\u00e4\u00e4r\u00e4\u00e4 ei viel\u00e4 tiedet\u00e4:<\/p>\n\n\n\n<p>Tammi- helmikuussa madepilkkikisoja, aloitellaan kisat kun j\u00e4\u00e4tilanne sallii.<br>Kisat ilmoitetaan lehdess\u00e4 \/ kotisivuilla \/ fb.<\/p>\n\n\n\n<p>Sarjapilkkikisat aloitellaan kun j\u00e4\u00e4tilanne sallii. My\u00f6s mestaruuspilkkikisa pidet\u00e4\u00e4n, mik\u00e4li olosuhteet sen sallii. Kisat ilmoitetaan lehdess\u00e4 \/ kotisivuilla \/ fb.<\/p>\n\n\n\n<p>H\u00e4meen piirinmestaruuspilkkikisa.<br>Kuhaveljet on j\u00e4rjest\u00e4v\u00e4 seura vuonna 2021. Viel\u00e4 ei kisan tarkempaa ajankohtaa tiedet\u00e4.<br>Lis\u00e4tietoja tullee jossainkohtaa: <a rel=\"noreferrer noopener\" href=\"http:\/\/kuhaveljet.fi\/\" target=\"_blank\">http:\/\/kuhaveljet.fi\/<\/a><\/p>\n\n\n\n<p>Lis\u00e4ksi tulevaan kes\u00e4\u00e4n muutamat tapahtumat:<\/p>\n\n\n\n<p>Kev\u00e4\u00e4ll\u00e4 Lemp\u00e4\u00e4l\u00e4n Kuokkalankoskella nuorille ilmainen kalastusp\u00e4iv\u00e4.<br>Lis\u00e4tietoja tullee jossainkohtaa: <a rel=\"noreferrer noopener\" href=\"http:\/\/www.kuokkalankosket.fi\/\" target=\"_blank\">www.kuokkalankosket.fi<\/a><\/p>\n\n\n\n<p>Apianvirralla nuorille tutustumisp\u00e4iv\u00e4.<br>Koetetaan tehd\u00e4 t\u00e4st\u00e4 perinteinen tapahtuma ja koetetaan t\u00e4ll\u00e4kertaa j\u00e4rjest\u00e4\u00e4 tapahtuma istutuksen l\u00e4heisyyteen.<br>Lis\u00e4tietoja tulee sivuillemme l\u00e4hemp\u00e4n\u00e4 tapahtumaa.<\/p>\n\n\n\n<p>Nuorten kalastusaiheinen leiri.<br>T\u00e4st\u00e4 lis\u00e4tietoja l\u00e4hemp\u00e4n\u00e4 ajankohtaa.<\/p>\n\n\n\n<p>Kes\u00e4n sarjaonkikisat ja mestaruusonkikisa.<br>Kisat ilmoitetaan lehdess\u00e4 \/ kotisivuilla \/ fb.\u00a0\u00a0<\/p>\n\n\n\n<p>\u2013 muutokset mahdollisia \u2013<\/p>\n\n\n\n<p><br>7. Kerhoillat<\/p>\n\n\n\n<p>Kerhoillat pyrit\u00e4\u00e4n aloittamaan jossainkohtaa tammikuussa. Tiedotamme alkamisajankohdat sivuillamme.<br>Nuorten askartelukerho keskiviikkoisin klo 17 alkaen Kalapirtill\u00e4.<br>Perhokerho keskiviikkoisin klo 18 alkaen Kalapirtill\u00e4.<br><br>J\u00e4it\u00e4 odotellessa,<br><br>Tero Kariluoma<br>puheenjohtaja<br>Valkeakosken Kalaveikot ry<br><br>Laita seurantaan Valkeakosken Kalaveikkojen some tilit:\u00a0\u00a0<br><a rel=\"noreferrer noopener\" href=\"http:\/\/www.facebook.com\/valkeakoskenkalaveikotry\/\" target=\"_blank\">www.facebook.com\/valkeakoskenkalaveikotry\/<\/a><br><a rel=\"noreferrer noopener\" href=\"http:\/\/www.instagram.com\/valkeakoskenkalaveikot\/\" target=\"_blank\">www.instagram.com\/valkeakoskenkalaveikot\/<\/a><br><a rel=\"noreferrer noopener\" href=\"http:\/\/www.valkeakoskenkalaveikot.com\/\" target=\"_blank\">www.valkeakoskenkalaveikot.com\/<\/a><br><br><\/p>\n","protected":false},"excerpt":{"rendered":"<p>Tervehdys Valkeakosken Kalaveikkojen j\u00e4senet, nuorten j\u00e4seniemme vanhemmat sek\u00e4 muut yhteyshenkil\u00f6t! Ja hyv\u00e4\u00e4 alkanutta vuotta 2021.&nbsp; Talvi n\u00e4ytt\u00e4isi vihdoin pikkuhiljaa tulevan. Valkeakosken l\u00e4hiseuduilla j\u00e4\u00e4tilanne on viel\u00e4 heikohko, joten malttia viel\u00e4 tarvitaan,&#8230; <a href=\"https:\/\/www.valkeakoskenkalaveikot.com\/2\/valkeakosken-kalaveikkojen-jasenkirje-11-1-2021\/\">Read more &raquo;<\/a><\/p>\n","protected":false},"author":2,"featured_media":0,"comment_status":"closed","ping_status":"open","sticky":false,"template":"","format":"standard","meta":{"footnotes":""},"categories":[6],"tags":[],"class_list":["post-1465","post","type-post","status-publish","format-standard","hentry","category-jasenkirjetiedotteet"],"_links":{"self":[{"href":"https:\/\/www.valkeakoskenkalaveikot.com\/2\/wp-json\/wp\/v2\/posts\/1465","targetHints":{"allow":["GET"]}}],"collection":[{"href":"https:\/\/www.valkeakoskenkalaveikot.com\/2\/wp-json\/wp\/v2\/posts"}],"about":[{"href":"https:\/\/www.valkeakoskenkalaveikot.com\/2\/wp-json\/wp\/v2\/types\/post"}],"author":[{"embeddable":true,"href":"https:\/\/www.valkeakoskenkalaveikot.com\/2\/wp-json\/wp\/v2\/users\/2"}],"replies":[{"embeddable":true,"href":"https:\/\/www.valkeakoskenkalaveikot.com\/2\/wp-json\/wp\/v2\/comments?post=1465"}],"version-history":[{"count":1,"href":"https:\/\/www.valkeakoskenkalaveikot.com\/2\/wp-json\/wp\/v2\/posts\/1465\/revisions"}],"predecessor-version":[{"id":1467,"href":"https:\/\/www.valkeakoskenkalaveikot.com\/2\/wp-json\/wp\/v2\/posts\/1465\/revisions\/1467"}],"wp:attachment":[{"href":"https:\/\/www.valkeakoskenkalaveikot.com\/2\/wp-json\/wp\/v2\/media?parent=1465"}],"wp:term":[{"taxonomy":"category","embeddable":true,"href":"https:\/\/www.valkeakoskenkalaveikot.com\/2\/wp-json\/wp\/v2\/categories?post=1465"},{"taxonomy":"post_tag","embeddable":true,"href":"https:\/\/www.valkeakoskenkalaveikot.com\/2\/wp-json\/wp\/v2\/tags?post=1465"}],"curies":[{"name":"wp","href":"https:\/\/api.w.org\/{rel}","templated":true}]}}