{"id":1566,"date":"2021-02-19T11:13:46","date_gmt":"2021-02-19T09:13:46","guid":{"rendered":"http:\/\/www.valkeakoskenkalaveikot.com\/2\/?p=1566"},"modified":"2021-02-19T12:27:19","modified_gmt":"2021-02-19T10:27:19","slug":"nuoret-pilkkijat-haastattelussa","status":"publish","type":"post","link":"https:\/\/www.valkeakoskenkalaveikot.com\/2\/nuoret-pilkkijat-haastattelussa\/","title":{"rendered":"Nuoret pilkkij\u00e4t haastattelussa."},"content":{"rendered":"\n<p>Valkeakosken sanomien Alpo Eerola k\u00e4vi haastattelemassa Kalaveikkojen nuoria Lotilanj\u00e4rvell\u00e4.<br><br>Viikon veikkaaja juttu l\u00f6ytyy alla kuvakaappauksena (Valkeakosken Kalaveikot ry sai luvan Valkeakosken Sanomilta, keskustelu 19.2. Tero Kariluoma &#8211; Nella \/ VS).<\/p>\n\n\n\n<p>Pieni korjaus juttussa mainittuun nuorten kerhoon, se on keskiviikkoisin klo 17-18.<\/p>\n\n\n\n<figure class=\"wp-block-image size-large\"><a href=\"https:\/\/www.valkeakoskenkalaveikot.com\/2\/wp-content\/uploads\/2021\/02\/Nuoret_Valkeakoskensanomat19022021.png\"><img loading=\"lazy\" decoding=\"async\" width=\"148\" height=\"1024\" src=\"https:\/\/www.valkeakoskenkalaveikot.com\/2\/wp-content\/uploads\/2021\/02\/Nuoret_Valkeakoskensanomat19022021-148x1024.png\" alt=\"\" class=\"wp-image-1571\"\/><\/a><\/figure>\n","protected":false},"excerpt":{"rendered":"<p>Valkeakosken sanomien Alpo Eerola k\u00e4vi haastattelemassa Kalaveikkojen nuoria Lotilanj\u00e4rvell\u00e4. Viikon veikkaaja juttu l\u00f6ytyy alla kuvakaappauksena (Valkeakosken Kalaveikot ry sai luvan Valkeakosken Sanomilta, keskustelu 19.2. Tero Kariluoma &#8211; Nella \/ VS)&#8230;. <a href=\"https:\/\/www.valkeakoskenkalaveikot.com\/2\/nuoret-pilkkijat-haastattelussa\/\">Read more &raquo;<\/a><\/p>\n","protected":false},"author":2,"featured_media":0,"comment_status":"closed","ping_status":"open","sticky":false,"template":"","format":"standard","meta":{"footnotes":""},"categories":[5],"tags":[],"class_list":["post-1566","post","type-post","status-publish","format-standard","hentry","category-uutiset"],"_links":{"self":[{"href":"https:\/\/www.valkeakoskenkalaveikot.com\/2\/wp-json\/wp\/v2\/posts\/1566","targetHints":{"allow":["GET"]}}],"collection":[{"href":"https:\/\/www.valkeakoskenkalaveikot.com\/2\/wp-json\/wp\/v2\/posts"}],"about":[{"href":"https:\/\/www.valkeakoskenkalaveikot.com\/2\/wp-json\/wp\/v2\/types\/post"}],"author":[{"embeddable":true,"href":"https:\/\/www.valkeakoskenkalaveikot.com\/2\/wp-json\/wp\/v2\/users\/2"}],"replies":[{"embeddable":true,"href":"https:\/\/www.valkeakoskenkalaveikot.com\/2\/wp-json\/wp\/v2\/comments?post=1566"}],"version-history":[{"count":6,"href":"https:\/\/www.valkeakoskenkalaveikot.com\/2\/wp-json\/wp\/v2\/posts\/1566\/revisions"}],"predecessor-version":[{"id":1576,"href":"https:\/\/www.valkeakoskenkalaveikot.com\/2\/wp-json\/wp\/v2\/posts\/1566\/revisions\/1576"}],"wp:attachment":[{"href":"https:\/\/www.valkeakoskenkalaveikot.com\/2\/wp-json\/wp\/v2\/media?parent=1566"}],"wp:term":[{"taxonomy":"category","embeddable":true,"href":"https:\/\/www.valkeakoskenkalaveikot.com\/2\/wp-json\/wp\/v2\/categories?post=1566"},{"taxonomy":"post_tag","embeddable":true,"href":"https:\/\/www.valkeakoskenkalaveikot.com\/2\/wp-json\/wp\/v2\/tags?post=1566"}],"curies":[{"name":"wp","href":"https:\/\/api.w.org\/{rel}","templated":true}]}}