{"id":2285,"date":"2022-05-03T15:38:27","date_gmt":"2022-05-03T12:38:27","guid":{"rendered":"http:\/\/www.valkeakoskenkalaveikot.com\/2\/?p=2285"},"modified":"2022-05-03T15:38:27","modified_gmt":"2022-05-03T12:38:27","slug":"valkeakosken-kalaveikot-ry-70-vuotis-juhlat","status":"publish","type":"post","link":"https:\/\/www.valkeakoskenkalaveikot.com\/2\/valkeakosken-kalaveikot-ry-70-vuotis-juhlat\/","title":{"rendered":"Valkeakosken Kalaveikot ry 70-vuotis juhlat"},"content":{"rendered":"\n<p>Arvoisa seuramme j\u00e4sen!<br><br>Valkeakosken Kalaveikot ry t\u00e4ytt\u00e4\u00e4 t\u00e4n\u00e4 vuonna 70 vuotta. <br>Kutsumme sinut juhlimaan kanssamme lauantaina 14.5. klo 13.00 alkaen.<br>Ohessa kuvana ohjelma ja kutsukortti.<br>Pyyd\u00e4mme vahvistamaan tulosi 6.5. menness\u00e4 Terhille, puh. 040 734 4511, S-posti: katriina42@gmail.com <br><br>Ole nopea, tilaa on rajoitetusti.<\/p>\n\n\n\n<figure class=\"wp-block-image size-large\"><a href=\"https:\/\/www.valkeakoskenkalaveikot.com\/2\/wp-content\/uploads\/2022\/05\/Valkeakosken-Kalaveikot-ry-70v_kutsu-yhdelle_jasenistolle.jpg\"><img loading=\"lazy\" decoding=\"async\" width=\"724\" height=\"1024\" src=\"https:\/\/www.valkeakoskenkalaveikot.com\/2\/wp-content\/uploads\/2022\/05\/Valkeakosken-Kalaveikot-ry-70v_kutsu-yhdelle_jasenistolle-724x1024.jpg\" alt=\"\" class=\"wp-image-2286\" srcset=\"https:\/\/www.valkeakoskenkalaveikot.com\/2\/wp-content\/uploads\/2022\/05\/Valkeakosken-Kalaveikot-ry-70v_kutsu-yhdelle_jasenistolle-724x1024.jpg 724w, https:\/\/www.valkeakoskenkalaveikot.com\/2\/wp-content\/uploads\/2022\/05\/Valkeakosken-Kalaveikot-ry-70v_kutsu-yhdelle_jasenistolle-212x300.jpg 212w, https:\/\/www.valkeakoskenkalaveikot.com\/2\/wp-content\/uploads\/2022\/05\/Valkeakosken-Kalaveikot-ry-70v_kutsu-yhdelle_jasenistolle-768x1086.jpg 768w, https:\/\/www.valkeakoskenkalaveikot.com\/2\/wp-content\/uploads\/2022\/05\/Valkeakosken-Kalaveikot-ry-70v_kutsu-yhdelle_jasenistolle-1086x1536.jpg 1086w, https:\/\/www.valkeakoskenkalaveikot.com\/2\/wp-content\/uploads\/2022\/05\/Valkeakosken-Kalaveikot-ry-70v_kutsu-yhdelle_jasenistolle-624x883.jpg 624w, https:\/\/www.valkeakoskenkalaveikot.com\/2\/wp-content\/uploads\/2022\/05\/Valkeakosken-Kalaveikot-ry-70v_kutsu-yhdelle_jasenistolle.jpg 1414w\" sizes=\"auto, (max-width: 724px) 100vw, 724px\" \/><\/a><\/figure>\n","protected":false},"excerpt":{"rendered":"<p>Arvoisa seuramme j\u00e4sen! Valkeakosken Kalaveikot ry t\u00e4ytt\u00e4\u00e4 t\u00e4n\u00e4 vuonna 70 vuotta. Kutsumme sinut juhlimaan kanssamme lauantaina 14.5. klo 13.00 alkaen.Ohessa kuvana ohjelma ja kutsukortti.Pyyd\u00e4mme vahvistamaan tulosi 6.5. menness\u00e4 Terhille, puh&#8230;. <a href=\"https:\/\/www.valkeakoskenkalaveikot.com\/2\/valkeakosken-kalaveikot-ry-70-vuotis-juhlat\/\">Read more &raquo;<\/a><\/p>\n","protected":false},"author":2,"featured_media":0,"comment_status":"closed","ping_status":"open","sticky":false,"template":"","format":"standard","meta":{"footnotes":""},"categories":[6,5],"tags":[18,19,20],"class_list":["post-2285","post","type-post","status-publish","format-standard","hentry","category-jasenkirjetiedotteet","category-uutiset","tag-70-vuotisjuhla","tag-juhla","tag-melankarki"],"_links":{"self":[{"href":"https:\/\/www.valkeakoskenkalaveikot.com\/2\/wp-json\/wp\/v2\/posts\/2285","targetHints":{"allow":["GET"]}}],"collection":[{"href":"https:\/\/www.valkeakoskenkalaveikot.com\/2\/wp-json\/wp\/v2\/posts"}],"about":[{"href":"https:\/\/www.valkeakoskenkalaveikot.com\/2\/wp-json\/wp\/v2\/types\/post"}],"author":[{"embeddable":true,"href":"https:\/\/www.valkeakoskenkalaveikot.com\/2\/wp-json\/wp\/v2\/users\/2"}],"replies":[{"embeddable":true,"href":"https:\/\/www.valkeakoskenkalaveikot.com\/2\/wp-json\/wp\/v2\/comments?post=2285"}],"version-history":[{"count":1,"href":"https:\/\/www.valkeakoskenkalaveikot.com\/2\/wp-json\/wp\/v2\/posts\/2285\/revisions"}],"predecessor-version":[{"id":2287,"href":"https:\/\/www.valkeakoskenkalaveikot.com\/2\/wp-json\/wp\/v2\/posts\/2285\/revisions\/2287"}],"wp:attachment":[{"href":"https:\/\/www.valkeakoskenkalaveikot.com\/2\/wp-json\/wp\/v2\/media?parent=2285"}],"wp:term":[{"taxonomy":"category","embeddable":true,"href":"https:\/\/www.valkeakoskenkalaveikot.com\/2\/wp-json\/wp\/v2\/categories?post=2285"},{"taxonomy":"post_tag","embeddable":true,"href":"https:\/\/www.valkeakoskenkalaveikot.com\/2\/wp-json\/wp\/v2\/tags?post=2285"}],"curies":[{"name":"wp","href":"https:\/\/api.w.org\/{rel}","templated":true}]}}