{"id":2931,"date":"2023-10-26T14:40:51","date_gmt":"2023-10-26T11:40:51","guid":{"rendered":"https:\/\/www.valkeakoskenkalaveikot.com\/2\/?p=2931"},"modified":"2023-10-26T14:40:51","modified_gmt":"2023-10-26T11:40:51","slug":"kalamaistajaiset-to-2-11-2023-klo-18-alkaen","status":"publish","type":"post","link":"https:\/\/www.valkeakoskenkalaveikot.com\/2\/kalamaistajaiset-to-2-11-2023-klo-18-alkaen\/","title":{"rendered":"Kalamaistajaiset to 2.11.2023 klo 18 alkaen"},"content":{"rendered":"\n<figure class=\"wp-block-image size-large is-resized\"><img loading=\"lazy\" decoding=\"async\" width=\"1024\" height=\"682\" src=\"https:\/\/www.valkeakoskenkalaveikot.com\/2\/wp-content\/uploads\/2020\/03\/gratisography-fresh-fish-dinner_.jpg\" alt=\"\" class=\"wp-image-1224\" srcset=\"https:\/\/www.valkeakoskenkalaveikot.com\/2\/wp-content\/uploads\/2020\/03\/gratisography-fresh-fish-dinner_.jpg 1024w, https:\/\/www.valkeakoskenkalaveikot.com\/2\/wp-content\/uploads\/2020\/03\/gratisography-fresh-fish-dinner_-300x200.jpg 300w, https:\/\/www.valkeakoskenkalaveikot.com\/2\/wp-content\/uploads\/2020\/03\/gratisography-fresh-fish-dinner_-768x512.jpg 768w, https:\/\/www.valkeakoskenkalaveikot.com\/2\/wp-content\/uploads\/2020\/03\/gratisography-fresh-fish-dinner_-624x416.jpg 624w\" sizes=\"auto, (max-width: 1024px) 100vw, 1024px\" \/><\/figure>\n\n\n\n<p>Valkeakosken Kalaveikot ry j\u00e4rjest\u00e4\u00e4 kalamaistiaiset Kalapirtill\u00e4 (Valtakatu 12) torstaina 2.11.2023 klo 18 alkaen.<\/p>\n\n\n\n<p>Tarjolla savu- suola- ja paistettuja muikkuja. Lis\u00e4ksi muikunm\u00e4tileipi\u00e4, muikkukukkoa ja s\u00e4ilykkein\u00e4 muikkua, s\u00e4rke\u00e4 ja kuhaa.<\/p>\n\n\n\n<p>Tilaisuuden aluksi Mauri Pesu pit\u00e4\u00e4 esitelm\u00e4n vaapuista.<\/p>\n\n\n\n<p>Tervetuloa!<\/p>\n","protected":false},"excerpt":{"rendered":"<p>Valkeakosken Kalaveikot ry j\u00e4rjest\u00e4\u00e4 kalamaistiaiset Kalapirtill\u00e4 (Valtakatu 12) torstaina 2.11.2023 klo 18 alkaen. Tarjolla savu- suola- ja paistettuja muikkuja. Lis\u00e4ksi muikunm\u00e4tileipi\u00e4, muikkukukkoa ja s\u00e4ilykkein\u00e4 muikkua, s\u00e4rke\u00e4 ja kuhaa. Tilaisuuden aluksi&#8230; <a href=\"https:\/\/www.valkeakoskenkalaveikot.com\/2\/kalamaistajaiset-to-2-11-2023-klo-18-alkaen\/\">Read more &raquo;<\/a><\/p>\n","protected":false},"author":2,"featured_media":0,"comment_status":"closed","ping_status":"open","sticky":false,"template":"","format":"standard","meta":{"footnotes":""},"categories":[5],"tags":[],"class_list":["post-2931","post","type-post","status-publish","format-standard","hentry","category-uutiset"],"_links":{"self":[{"href":"https:\/\/www.valkeakoskenkalaveikot.com\/2\/wp-json\/wp\/v2\/posts\/2931","targetHints":{"allow":["GET"]}}],"collection":[{"href":"https:\/\/www.valkeakoskenkalaveikot.com\/2\/wp-json\/wp\/v2\/posts"}],"about":[{"href":"https:\/\/www.valkeakoskenkalaveikot.com\/2\/wp-json\/wp\/v2\/types\/post"}],"author":[{"embeddable":true,"href":"https:\/\/www.valkeakoskenkalaveikot.com\/2\/wp-json\/wp\/v2\/users\/2"}],"replies":[{"embeddable":true,"href":"https:\/\/www.valkeakoskenkalaveikot.com\/2\/wp-json\/wp\/v2\/comments?post=2931"}],"version-history":[{"count":1,"href":"https:\/\/www.valkeakoskenkalaveikot.com\/2\/wp-json\/wp\/v2\/posts\/2931\/revisions"}],"predecessor-version":[{"id":2932,"href":"https:\/\/www.valkeakoskenkalaveikot.com\/2\/wp-json\/wp\/v2\/posts\/2931\/revisions\/2932"}],"wp:attachment":[{"href":"https:\/\/www.valkeakoskenkalaveikot.com\/2\/wp-json\/wp\/v2\/media?parent=2931"}],"wp:term":[{"taxonomy":"category","embeddable":true,"href":"https:\/\/www.valkeakoskenkalaveikot.com\/2\/wp-json\/wp\/v2\/categories?post=2931"},{"taxonomy":"post_tag","embeddable":true,"href":"https:\/\/www.valkeakoskenkalaveikot.com\/2\/wp-json\/wp\/v2\/tags?post=2931"}],"curies":[{"name":"wp","href":"https:\/\/api.w.org\/{rel}","templated":true}]}}